{"id":1128,"date":"2021-03-16T18:50:42","date_gmt":"2021-03-16T16:50:42","guid":{"rendered":"https:\/\/www.pohjoiskyl\u00e4t.fi\/?p=1128"},"modified":"2021-03-17T09:50:04","modified_gmt":"2021-03-17T07:50:04","slug":"kalevalan-paiva-viereman-pohjoiskylilla","status":"publish","type":"post","link":"https:\/\/www.xn--pohjoiskylt-u8a.fi\/?p=1128","title":{"rendered":"Kalevalan p\u00e4iv\u00e4 Vierem\u00e4n pohjoiskylill\u00e4"},"content":{"rendered":"\n<figure class=\"wp-block-image size-large\"><a href=\"https:\/\/www.pohjoiskyl\u00e4t.fi\/wp-content\/uploads\/2021\/03\/DSC_0046-3.jpg\"><img loading=\"lazy\" decoding=\"async\" width=\"1024\" height=\"683\" src=\"https:\/\/www.pohjoiskyl\u00e4t.fi\/wp-content\/uploads\/2021\/03\/DSC_0046-3-1024x683.jpg\" alt=\"\" class=\"wp-image-1131\" srcset=\"https:\/\/www.xn--pohjoiskylt-u8a.fi\/wp-content\/uploads\/2021\/03\/DSC_0046-3-1024x683.jpg 1024w, https:\/\/www.xn--pohjoiskylt-u8a.fi\/wp-content\/uploads\/2021\/03\/DSC_0046-3-300x200.jpg 300w, https:\/\/www.xn--pohjoiskylt-u8a.fi\/wp-content\/uploads\/2021\/03\/DSC_0046-3-768x512.jpg 768w, https:\/\/www.xn--pohjoiskylt-u8a.fi\/wp-content\/uploads\/2021\/03\/DSC_0046-3-1536x1024.jpg 1536w, https:\/\/www.xn--pohjoiskylt-u8a.fi\/wp-content\/uploads\/2021\/03\/DSC_0046-3.jpg 2048w\" sizes=\"auto, (max-width: 1024px) 100vw, 1024px\" \/><\/a><figcaption>Hiiht\u00e4m\u00e4ss\u00e4 Helena, Helmi, Heili ja hurraamassa Tuula. Kuva Mauno Ryytty<\/figcaption><\/figure>\n\n\n\n<p>Vierem\u00e4n Rotimojoella sijaitsevalla Kantolan tilalla vietettiin t\u00e4m\u00e4n vuoden Kalevalan p\u00e4iv\u00e4\u00e4 hiiht\u00e4m\u00e4ll\u00e4 kansallispuvuissa, paistamalla makkaraa ja juomalla kahvia ulkona tapahtuneessa pienimuotoisessa tilaisuudessa. Tapahtuman toteutus syntyi&nbsp; rotimojokelaisen Tiina Kroodo-Kauhasen ja nissil\u00e4l\u00e4isen Tuula Kajasteen yhteisty\u00f6n\u00e4. Tiina ja Tuula tutustuivat toisiinsa vuonna 2018 alkaneilla pohjoiskylien yhteisill\u00e4 sauvak\u00e4velyill\u00e4. Tiinan k\u00e4siss\u00e4 syntyiv\u00e4t Keisari Aleksanteri I:n &nbsp;Suomen vierailun 200 v juhlavuoden n\u00e4ytelmien keisarin&nbsp; ja virkamiesten vaatetus. Tuula oli mukana n\u00e4ytelmiss\u00e4 ja tapahtumien j\u00e4rjestelyiss\u00e4. He molemmat ovat kiinnostuneita kansallispuvuista ja perinnevaatetuksesta. Tiinan harrastuksena ne ovat olleet jo useita vuosia.<\/p>\n\n\n\n<p>Kalevalan koonut Elias L\u00f6nnrot on muistamisen arvoinen Vierem\u00e4ll\u00e4 siit\u00e4kin syyst\u00e4, ett\u00e4 h\u00e4n ja kaksi muuta piiril\u00e4\u00e4k\u00e4ri\u00e4 tapasivat Nissil\u00e4n Mattilassa sijainneessa kestikievarissa syyskuun 11. \u2013 13. p\u00e4iv\u00e4 vuonna 1840 ja perustivat tapaamisen yhteydess\u00e4 Suomen ensimm\u00e4isen aikakauskirjan. Tapaamisessa olivat mukana Kajaanista saapunut&nbsp; Elias L\u00f6nnrot, Oulusta G. Asp ja Raahesta J. F. Tickl\u00e9n. Ensimm\u00e4inen Suomi \u2013 aikakausikirja ilmestyi vuonna 1841 ja viimeisin kirja vuonna 2014. Kirjassa julkaistiin Suomen ja sukukansojen kieliin ja kulttuuriin liittyvi\u00e4 tutkimuksia (Kansanuutiset 11.9.2017 Juha Drufva).<\/p>\n\n\n\n<figure class=\"wp-block-image size-medium is-resized\"><a href=\"https:\/\/www.pohjoiskyl\u00e4t.fi\/wp-content\/uploads\/2021\/03\/DSC_0037-1.jpg\"><img loading=\"lazy\" decoding=\"async\" src=\"https:\/\/www.pohjoiskyl\u00e4t.fi\/wp-content\/uploads\/2021\/03\/DSC_0037-1-300x200.jpg\" alt=\"\" class=\"wp-image-1130\" width=\"734\" height=\"489\" srcset=\"https:\/\/www.xn--pohjoiskylt-u8a.fi\/wp-content\/uploads\/2021\/03\/DSC_0037-1-300x200.jpg 300w, https:\/\/www.xn--pohjoiskylt-u8a.fi\/wp-content\/uploads\/2021\/03\/DSC_0037-1-1024x683.jpg 1024w, https:\/\/www.xn--pohjoiskylt-u8a.fi\/wp-content\/uploads\/2021\/03\/DSC_0037-1-768x512.jpg 768w, https:\/\/www.xn--pohjoiskylt-u8a.fi\/wp-content\/uploads\/2021\/03\/DSC_0037-1-1536x1024.jpg 1536w, https:\/\/www.xn--pohjoiskylt-u8a.fi\/wp-content\/uploads\/2021\/03\/DSC_0037-1.jpg 2048w\" sizes=\"auto, (max-width: 734px) 100vw, 734px\" \/><\/a><figcaption>Hiiht\u00e4m\u00e4ss\u00e4 Tiina, Helena, Heili ja Helmi. Kuva Mauno Ryytty<\/figcaption><\/figure>\n\n\n\n<p>Hiihtoon osallistuivat Tiinan valmistamissa puvuissa &nbsp;my\u00f6s h\u00e4nen ja Jarmon tytt\u00e4ret, kahdeksanvuotias Helena, viisivuotias Heili ja kolmevuotias Helmi. Tytt\u00f6jen is\u00e4 oli tehnyt heti lumien sadettua noin kilometrin mittaisen ladun maatilan pellon ymp\u00e4ri. Hiiht\u00e4m\u00e4ss\u00e4 &nbsp;ja tapahtumaan osallistujina olivat mukana tytt\u00f6jen isovanhemmat Eini ja Olavi sek\u00e4 l\u00e4hinaapureita. Tilaisuus j\u00e4rjestettiin pop-up tapahtumana \u201dlyhyell\u00e4 varoitusajalla\u201d ja&nbsp; pienimuotoisena ulkoilmassa. Kuvaajaksi saatiin Mauno Ryytty Nissil\u00e4st\u00e4.<\/p>\n\n\n\n<p>S\u00e4\u00e4 suosi tapahtuman totetutusta. L\u00e4mp\u00f6asteita oli useita ja aurinko paistoi. Kahvi oli maukasta, nuotiomakkara maistuvaa ja kahvileip\u00e4 makeaa. Tiinan k\u00e4siss\u00e4 valmistuneet hameet ja paidat olivat kauniit ja hameenhelmat saivat Tiinan nimitt\u00e4m\u00e4n lumipesun.<\/p>\n\n\n\n<p>T\u00e4m\u00e4 tapahtuma on pakko uusia ensi vuonna!<\/p>\n\n\n\n<p>T\u00e4m\u00e4 tarina on julkaistu paikallislehti Miilussa 3.3.2021<\/p>\n","protected":false},"excerpt":{"rendered":"<p>Vierem\u00e4n Rotimojoella sijaitsevalla Kantolan tilalla vietettiin t\u00e4m\u00e4n vuoden Kalevalan p\u00e4iv\u00e4\u00e4 hiiht\u00e4m\u00e4ll\u00e4 kansallispuvuissa, paistamalla makkaraa ja juomalla kahvia ulkona tapahtuneessa pienimuotoisessa tilaisuudessa. Tapahtuman toteutus syntyi&nbsp; rotimojokelaisen Tiina Kroodo-Kauhasen ja nissil\u00e4l\u00e4isen Tuula Kajasteen yhteisty\u00f6n\u00e4. Tiina ja Tuula tutustuivat toisiinsa vuonna 2018 alkaneilla pohjoiskylien yhteisill\u00e4 sauvak\u00e4velyill\u00e4. Tiinan k\u00e4siss\u00e4 syntyiv\u00e4t Keisari Aleksanteri I:n &nbsp;Suomen vierailun 200 v juhlavuoden n\u00e4ytelmien &#8230; <a title=\"Kalevalan p\u00e4iv\u00e4 Vierem\u00e4n pohjoiskylill\u00e4\" class=\"read-more\" href=\"https:\/\/www.xn--pohjoiskylt-u8a.fi\/?p=1128\" aria-label=\"Lue lis\u00e4\u00e4 aiheesta Kalevalan p\u00e4iv\u00e4 Vierem\u00e4n pohjoiskylill\u00e4\">Lue lis\u00e4\u00e4<\/a><\/p>\n","protected":false},"author":4,"featured_media":0,"comment_status":"open","ping_status":"open","sticky":false,"template":"","format":"standard","meta":{"_bbp_topic_count":0,"_bbp_reply_count":0,"_bbp_total_topic_count":0,"_bbp_total_reply_count":0,"_bbp_voice_count":0,"_bbp_anonymous_reply_count":0,"_bbp_topic_count_hidden":0,"_bbp_reply_count_hidden":0,"_bbp_forum_subforum_count":0,"ngg_post_thumbnail":0,"footnotes":""},"categories":[13],"tags":[52,32],"class_list":["post-1128","post","type-post","status-publish","format-standard","hentry","category-tapahtumat","tag-kalevalan-paiva","tag-rotimojoki"],"_links":{"self":[{"href":"https:\/\/www.xn--pohjoiskylt-u8a.fi\/index.php?rest_route=\/wp\/v2\/posts\/1128","targetHints":{"allow":["GET"]}}],"collection":[{"href":"https:\/\/www.xn--pohjoiskylt-u8a.fi\/index.php?rest_route=\/wp\/v2\/posts"}],"about":[{"href":"https:\/\/www.xn--pohjoiskylt-u8a.fi\/index.php?rest_route=\/wp\/v2\/types\/post"}],"author":[{"embeddable":true,"href":"https:\/\/www.xn--pohjoiskylt-u8a.fi\/index.php?rest_route=\/wp\/v2\/users\/4"}],"replies":[{"embeddable":true,"href":"https:\/\/www.xn--pohjoiskylt-u8a.fi\/index.php?rest_route=%2Fwp%2Fv2%2Fcomments&post=1128"}],"version-history":[{"count":6,"href":"https:\/\/www.xn--pohjoiskylt-u8a.fi\/index.php?rest_route=\/wp\/v2\/posts\/1128\/revisions"}],"predecessor-version":[{"id":1145,"href":"https:\/\/www.xn--pohjoiskylt-u8a.fi\/index.php?rest_route=\/wp\/v2\/posts\/1128\/revisions\/1145"}],"wp:attachment":[{"href":"https:\/\/www.xn--pohjoiskylt-u8a.fi\/index.php?rest_route=%2Fwp%2Fv2%2Fmedia&parent=1128"}],"wp:term":[{"taxonomy":"category","embeddable":true,"href":"https:\/\/www.xn--pohjoiskylt-u8a.fi\/index.php?rest_route=%2Fwp%2Fv2%2Fcategories&post=1128"},{"taxonomy":"post_tag","embeddable":true,"href":"https:\/\/www.xn--pohjoiskylt-u8a.fi\/index.php?rest_route=%2Fwp%2Fv2%2Ftags&post=1128"}],"curies":[{"name":"wp","href":"https:\/\/api.w.org\/{rel}","templated":true}]}}