{"id":1787,"date":"2024-12-06T08:03:54","date_gmt":"2024-12-06T06:03:54","guid":{"rendered":"https:\/\/www.xn--pohjoiskylt-u8a.fi\/?p=1787"},"modified":"2024-12-06T08:15:35","modified_gmt":"2024-12-06T06:15:35","slug":"hyvaa-itsenaisyyspaivaa-2024","status":"publish","type":"post","link":"https:\/\/www.xn--pohjoiskylt-u8a.fi\/?p=1787","title":{"rendered":"Hyv\u00e4\u00e4 itsen\u00e4isyysp\u00e4iv\u00e4\u00e4!"},"content":{"rendered":"\n<p>HYV\u00c4\u00c4 ITSEN\u00c4ISYYSP\u00c4IV\u00c4\u00c4 2024!<\/p>\n\n\n\n<p>Nissil\u00e4n koulun 75-vuotisjuhlaa vietettiin vuonna 1971. Juhlan yhteydess\u00e4 paljastettiin talvi- ja jatkosodassa kaatuneiden muistolaatta. Is\u00e4ni taisteli molemmissa sodissa. H\u00e4n menehtyi sodassa saamaansa vammaan vuonna 1964. H\u00e4nen nimens\u00e4 on muistolaatassa, johon on kaiverrettu 36 koulun entisen oppilaan nimet. Set\u00e4mme V\u00e4in\u00f6 Heikkisen nimi on my\u00f6s muistolaatassa. H\u00e4n kaatui jatkosodassa 1944. Sain kunnian olla naapurimme Esko Martikaisen kanssa <a><\/a>kunniavartiossa muistolaattaa paljastettaessa. H\u00e4nen is\u00e4ns\u00e4 katosi sodan aikana.<\/p>\n\n\n\n<p>En itse muista en\u00e4\u00e4 juhlan sis\u00e4lt\u00f6\u00e4 tarkasti. Iisalmen Sanomien lehtileikkeess\u00e4 kerrotaan juhlatilaisuuden alkaneen Salahmin nuorisoseuran torvisoittokunnan musiikkiesityksell\u00e4, jonka j\u00e4lkeen em\u00e4nt\u00e4 Annikki Laakko toivotti juhlayleis\u00f6n tervetulleeksi. Muistolaatan paljastuspuheen piti rovasti Kusti V\u00e4\u00e4t\u00e4inen. Vierem\u00e4n kirkkokuoro lauloi kanttori Helin\u00e4 Kauhasen johdolla.<\/p>\n\n\n\n<p>Opettaja Eino Voutilainen ja maanviljelij\u00e4 Erkki Nissinen paljastivat koulun edesmenneen, 49 vuotta koulussa opettaneen, Ida Nissisen muotokuvan. Eino Voutilainen esitti koulun historiikin. Vierem\u00e4n kansalaisopiston kuorolaulun j\u00e4lkeen Marttisenj\u00e4rven koulun opettaja Kalervo Hortamo esitti kirjoittamansa juhlarunon. Vierem\u00e4n kunnan pedagogista valmiutta peruskouluun siirtymiseen 1974 korosti koulutoimenjohtaja Ilmari Turunen puheessaan.<\/p>\n\n\n\n<p>Lehtileikkeen sis\u00e4lt\u00f6 ja omat muististikuvat juhlasta her\u00e4tt\u00e4v\u00e4t arvostusta ja kunnioitusta. Nissil\u00e4n koulun 75-vuotisjuhlan sis\u00e4lt\u00f6 ja muistolaatan paljastus oli koostettu hienolla ohjelmalla ja se oli laadittu monipuolisella Vierem\u00e4n kunnan, kansalaisopiston, seurakunnan ja kylien toimijoiden yhteisty\u00f6ll\u00e4.<\/p>\n\n\n\n<p>Aikaa juhlatilaisuudesta on kulunut 53 vuotta.<\/p>\n\n\n\n<p>Tuula Kajaste os Heikkinen<\/p>\n\n\n\n<p>Kuva Iisalmen Sanomat 1971<\/p>\n\n\n\n<figure class=\"wp-block-image size-full is-resized\"><a href=\"https:\/\/www.xn--pohjoiskylt-u8a.fi\/wp-content\/uploads\/2024\/12\/Esko-ja-Tuula.jpg\"><img loading=\"lazy\" decoding=\"async\" width=\"635\" height=\"974\" src=\"https:\/\/www.xn--pohjoiskylt-u8a.fi\/wp-content\/uploads\/2024\/12\/Esko-ja-Tuula.jpg\" alt=\"\" class=\"wp-image-1788\" style=\"width:730px;height:auto\" srcset=\"https:\/\/www.xn--pohjoiskylt-u8a.fi\/wp-content\/uploads\/2024\/12\/Esko-ja-Tuula.jpg 635w, https:\/\/www.xn--pohjoiskylt-u8a.fi\/wp-content\/uploads\/2024\/12\/Esko-ja-Tuula-196x300.jpg 196w\" sizes=\"auto, (max-width: 635px) 100vw, 635px\" \/><\/a><figcaption class=\"wp-element-caption\">Nissil\u00e4n koulun 75-vuotisjuhlat vuonna 1971<\/figcaption><\/figure>\n\n\n\n<p><\/p>\n","protected":false},"excerpt":{"rendered":"<p>HYV\u00c4\u00c4 ITSEN\u00c4ISYYSP\u00c4IV\u00c4\u00c4 2024! Nissil\u00e4n koulun 75-vuotisjuhlaa vietettiin vuonna 1971. Juhlan yhteydess\u00e4 paljastettiin talvi- ja jatkosodassa kaatuneiden muistolaatta. Is\u00e4ni taisteli molemmissa sodissa. H\u00e4n menehtyi sodassa saamaansa vammaan vuonna 1964. H\u00e4nen nimens\u00e4 on muistolaatassa, johon on kaiverrettu 36 koulun entisen oppilaan nimet. Set\u00e4mme V\u00e4in\u00f6 Heikkisen nimi on my\u00f6s muistolaatassa. H\u00e4n kaatui jatkosodassa 1944. Sain kunnian olla naapurimme &#8230; <a title=\"Hyv\u00e4\u00e4 itsen\u00e4isyysp\u00e4iv\u00e4\u00e4!\" class=\"read-more\" href=\"https:\/\/www.xn--pohjoiskylt-u8a.fi\/?p=1787\" aria-label=\"Lue lis\u00e4\u00e4 aiheesta Hyv\u00e4\u00e4 itsen\u00e4isyysp\u00e4iv\u00e4\u00e4!\">Lue lis\u00e4\u00e4<\/a><\/p>\n","protected":false},"author":4,"featured_media":0,"comment_status":"open","ping_status":"open","sticky":false,"template":"","format":"standard","meta":{"_bbp_topic_count":0,"_bbp_reply_count":0,"_bbp_total_topic_count":0,"_bbp_total_reply_count":0,"_bbp_voice_count":0,"_bbp_anonymous_reply_count":0,"_bbp_topic_count_hidden":0,"_bbp_reply_count_hidden":0,"_bbp_forum_subforum_count":0,"ngg_post_thumbnail":0,"footnotes":""},"categories":[115,13],"tags":[47,48],"class_list":["post-1787","post","type-post","status-publish","format-standard","hentry","category-henkilot","category-tapahtumat","tag-nissila","tag-vierema"],"_links":{"self":[{"href":"https:\/\/www.xn--pohjoiskylt-u8a.fi\/index.php?rest_route=\/wp\/v2\/posts\/1787","targetHints":{"allow":["GET"]}}],"collection":[{"href":"https:\/\/www.xn--pohjoiskylt-u8a.fi\/index.php?rest_route=\/wp\/v2\/posts"}],"about":[{"href":"https:\/\/www.xn--pohjoiskylt-u8a.fi\/index.php?rest_route=\/wp\/v2\/types\/post"}],"author":[{"embeddable":true,"href":"https:\/\/www.xn--pohjoiskylt-u8a.fi\/index.php?rest_route=\/wp\/v2\/users\/4"}],"replies":[{"embeddable":true,"href":"https:\/\/www.xn--pohjoiskylt-u8a.fi\/index.php?rest_route=%2Fwp%2Fv2%2Fcomments&post=1787"}],"version-history":[{"count":2,"href":"https:\/\/www.xn--pohjoiskylt-u8a.fi\/index.php?rest_route=\/wp\/v2\/posts\/1787\/revisions"}],"predecessor-version":[{"id":1790,"href":"https:\/\/www.xn--pohjoiskylt-u8a.fi\/index.php?rest_route=\/wp\/v2\/posts\/1787\/revisions\/1790"}],"wp:attachment":[{"href":"https:\/\/www.xn--pohjoiskylt-u8a.fi\/index.php?rest_route=%2Fwp%2Fv2%2Fmedia&parent=1787"}],"wp:term":[{"taxonomy":"category","embeddable":true,"href":"https:\/\/www.xn--pohjoiskylt-u8a.fi\/index.php?rest_route=%2Fwp%2Fv2%2Fcategories&post=1787"},{"taxonomy":"post_tag","embeddable":true,"href":"https:\/\/www.xn--pohjoiskylt-u8a.fi\/index.php?rest_route=%2Fwp%2Fv2%2Ftags&post=1787"}],"curies":[{"name":"wp","href":"https:\/\/api.w.org\/{rel}","templated":true}]}}